{"id":2700,"date":"2026-04-28T20:16:48","date_gmt":"2026-04-28T20:16:48","guid":{"rendered":"https:\/\/www.tchoukball-lubuskie.pl\/?p=2700"},"modified":"2026-04-28T20:37:41","modified_gmt":"2026-04-28T20:37:41","slug":"pomozmy-naszej-mlodziezy-wyjechac-do-szwajcarii-powalczyc-o-medal","status":"publish","type":"post","link":"https:\/\/www.tchoukball-lubuskie.pl\/index.php\/2026\/04\/28\/pomozmy-naszej-mlodziezy-wyjechac-do-szwajcarii-powalczyc-o-medal\/","title":{"rendered":"Pom\u00f3\u017cmy naszej m\u0142odzie\u017cy wyjecha\u0107 do Szwajcarii powalczy\u0107 o medal!!!!"},"content":{"rendered":"\n<p class=\"has-large-font-size\">M\u0142odzie\u017cowe Mistrzostwa Europy 2026 w Szwajcarii &#8211; razem spe\u0142niamy marzenia m\u0142odych z Lubuskiego!<\/p>\n\n\n\n<p class=\"has-medium-font-size\">Uruchomili\u015bmy zbi\u00f3rk\u0119 na ten cel, z nadziej\u0105, \u017ce uda si\u0119 go osi\u0105gn\u0105\u0107! <\/p>\n\n\n<div class=\"wp-block-image\">\n<figure class=\"aligncenter size-large is-resized\"><img loading=\"lazy\" decoding=\"async\" width=\"1024\" height=\"724\" src=\"https:\/\/www.tchoukball-lubuskie.pl\/wp-content\/uploads\/2026\/04\/Wesprzyj-nas-1-1024x724.png\" alt=\"kadra z Lubuskiego \" class=\"wp-image-2702\" style=\"aspect-ratio:1.414427661186116;width:943px;height:auto\" srcset=\"https:\/\/www.tchoukball-lubuskie.pl\/wp-content\/uploads\/2026\/04\/Wesprzyj-nas-1-1024x724.png 1024w, https:\/\/www.tchoukball-lubuskie.pl\/wp-content\/uploads\/2026\/04\/Wesprzyj-nas-1-300x212.png 300w, https:\/\/www.tchoukball-lubuskie.pl\/wp-content\/uploads\/2026\/04\/Wesprzyj-nas-1-768x543.png 768w, https:\/\/www.tchoukball-lubuskie.pl\/wp-content\/uploads\/2026\/04\/Wesprzyj-nas-1-1536x1086.png 1536w, https:\/\/www.tchoukball-lubuskie.pl\/wp-content\/uploads\/2026\/04\/Wesprzyj-nas-1.png 2000w\" sizes=\"auto, (max-width: 1024px) 100vw, 1024px\" \/><\/figure>\n<\/div>\n\n\n<p class=\"has-text-align-center has-medium-font-size\">Dzisiaj Ci m\u0142odzi sportowcy stoj\u0105 przed szans\u0105 \u017cycia \u2014 udzia\u0142em w <strong>M\u0142odzie\u017cowych Mistrzostwach Europy 2026 w Szwajcarii<\/strong><\/p>\n\n\n\n<p class=\"has-text-align-center has-medium-font-size\"><strong>(Magglingen\/Macolin, 1\u20138 sierpnia 2026) w&nbsp;kategorii M15 dziewcz\u0105t i ch\u0142opc\u00f3w.<\/strong><\/p>\n\n\n\n<p class=\"has-text-align-center has-medium-font-size\"><strong>13 zawodnik\u00f3w z naszego wojew\u00f3dztwa jedzie powalczy\u0107 o tytu\u0142<\/strong> <strong>Mistrza Europy!!!<\/strong><\/p>\n\n\n<div class=\"wp-block-image\">\n<figure class=\"aligncenter size-large is-resized\"><img loading=\"lazy\" decoding=\"async\" width=\"1024\" height=\"538\" src=\"https:\/\/www.tchoukball-lubuskie.pl\/wp-content\/uploads\/2026\/04\/open-graph-1024x538.png\" alt=\"logo euro 2026\" class=\"wp-image-2704\" style=\"aspect-ratio:1.9033719613139322;width:609px;height:auto\" srcset=\"https:\/\/www.tchoukball-lubuskie.pl\/wp-content\/uploads\/2026\/04\/open-graph-1024x538.png 1024w, https:\/\/www.tchoukball-lubuskie.pl\/wp-content\/uploads\/2026\/04\/open-graph-300x158.png 300w, https:\/\/www.tchoukball-lubuskie.pl\/wp-content\/uploads\/2026\/04\/open-graph-768x403.png 768w, https:\/\/www.tchoukball-lubuskie.pl\/wp-content\/uploads\/2026\/04\/open-graph.png 1200w\" sizes=\"auto, (max-width: 1024px) 100vw, 1024px\" \/><\/figure>\n<\/div>\n\n<div class=\"wp-block-image\">\n<figure class=\"aligncenter size-full\"><img loading=\"lazy\" decoding=\"async\" width=\"510\" height=\"492\" src=\"https:\/\/www.tchoukball-lubuskie.pl\/wp-content\/uploads\/2026\/04\/image-7.png\" alt=\"kod QR\" class=\"wp-image-2705\" srcset=\"https:\/\/www.tchoukball-lubuskie.pl\/wp-content\/uploads\/2026\/04\/image-7.png 510w, https:\/\/www.tchoukball-lubuskie.pl\/wp-content\/uploads\/2026\/04\/image-7-300x289.png 300w\" sizes=\"auto, (max-width: 510px) 100vw, 510px\" \/><\/figure>\n<\/div>\n\n\n<p class=\"has-text-align-center has-xxlarge-font-size\"><strong><a href=\"https:\/\/zrzutka.pl\/nryffv\">zrzutka.pl\/nryffv<\/a><\/strong><\/p>\n\n\n\n<figure class=\"wp-block-image size-large is-resized\"><img loading=\"lazy\" decoding=\"async\" width=\"724\" height=\"1024\" src=\"https:\/\/www.tchoukball-lubuskie.pl\/wp-content\/uploads\/2026\/04\/POLSKA-MLODZIEZOWA-REPREZENTACJA-NA-EURO-Z-LUBUSKIEGO-724x1024.jpg\" alt=\"plakat informacyjny o zrzutce\" class=\"wp-image-2708\" style=\"aspect-ratio:0.7070483573161613;width:1488px;height:auto\" srcset=\"https:\/\/www.tchoukball-lubuskie.pl\/wp-content\/uploads\/2026\/04\/POLSKA-MLODZIEZOWA-REPREZENTACJA-NA-EURO-Z-LUBUSKIEGO-724x1024.jpg 724w, https:\/\/www.tchoukball-lubuskie.pl\/wp-content\/uploads\/2026\/04\/POLSKA-MLODZIEZOWA-REPREZENTACJA-NA-EURO-Z-LUBUSKIEGO-212x300.jpg 212w, https:\/\/www.tchoukball-lubuskie.pl\/wp-content\/uploads\/2026\/04\/POLSKA-MLODZIEZOWA-REPREZENTACJA-NA-EURO-Z-LUBUSKIEGO-768x1086.jpg 768w, https:\/\/www.tchoukball-lubuskie.pl\/wp-content\/uploads\/2026\/04\/POLSKA-MLODZIEZOWA-REPREZENTACJA-NA-EURO-Z-LUBUSKIEGO-1086x1536.jpg 1086w, https:\/\/www.tchoukball-lubuskie.pl\/wp-content\/uploads\/2026\/04\/POLSKA-MLODZIEZOWA-REPREZENTACJA-NA-EURO-Z-LUBUSKIEGO.jpg 1414w\" sizes=\"auto, (max-width: 724px) 100vw, 724px\" \/><\/figure>\n\n\n\n<p><\/p>\n","protected":false},"excerpt":{"rendered":"<p>M\u0142odzie\u017cowe Mistrzostwa Europy 2026 w Szwajcarii &#8211; razem spe\u0142niamy marzenia m\u0142odych z Lubuskiego! Uruchomili\u015bmy zbi\u00f3rk\u0119 na ten cel, z nadziej\u0105, \u017ce uda si\u0119 go osi\u0105gn\u0105\u0107! Dzisiaj Ci m\u0142odzi sportowcy stoj\u0105 przed szans\u0105 \u017cycia \u2014 udzia\u0142em w M\u0142odzie\u017cowych Mistrzostwach Europy 2026 w Szwajcarii (Magglingen\/Macolin, 1\u20138 sierpnia 2026) w&nbsp;kategorii M15 dziewcz\u0105t i ch\u0142opc\u00f3w. 13 zawodnik\u00f3w z naszego&#8230;<\/p>\n","protected":false},"author":2,"featured_media":2702,"comment_status":"closed","ping_status":"","sticky":false,"template":"","format":"standard","meta":{"_kadence_starter_templates_imported_post":false,"_kad_post_transparent":"","_kad_post_title":"","_kad_post_layout":"","_kad_post_sidebar_id":"","_kad_post_content_style":"","_kad_post_vertical_padding":"","_kad_post_feature":"","_kad_post_feature_position":"","_kad_post_header":false,"_kad_post_footer":false,"footnotes":""},"categories":[1],"tags":[],"class_list":["post-2700","post","type-post","status-publish","format-standard","has-post-thumbnail","hentry","category-ogolne"],"_links":{"self":[{"href":"https:\/\/www.tchoukball-lubuskie.pl\/index.php\/wp-json\/wp\/v2\/posts\/2700","targetHints":{"allow":["GET"]}}],"collection":[{"href":"https:\/\/www.tchoukball-lubuskie.pl\/index.php\/wp-json\/wp\/v2\/posts"}],"about":[{"href":"https:\/\/www.tchoukball-lubuskie.pl\/index.php\/wp-json\/wp\/v2\/types\/post"}],"author":[{"embeddable":true,"href":"https:\/\/www.tchoukball-lubuskie.pl\/index.php\/wp-json\/wp\/v2\/users\/2"}],"replies":[{"embeddable":true,"href":"https:\/\/www.tchoukball-lubuskie.pl\/index.php\/wp-json\/wp\/v2\/comments?post=2700"}],"version-history":[{"count":3,"href":"https:\/\/www.tchoukball-lubuskie.pl\/index.php\/wp-json\/wp\/v2\/posts\/2700\/revisions"}],"predecessor-version":[{"id":2712,"href":"https:\/\/www.tchoukball-lubuskie.pl\/index.php\/wp-json\/wp\/v2\/posts\/2700\/revisions\/2712"}],"wp:featuredmedia":[{"embeddable":true,"href":"https:\/\/www.tchoukball-lubuskie.pl\/index.php\/wp-json\/wp\/v2\/media\/2702"}],"wp:attachment":[{"href":"https:\/\/www.tchoukball-lubuskie.pl\/index.php\/wp-json\/wp\/v2\/media?parent=2700"}],"wp:term":[{"taxonomy":"category","embeddable":true,"href":"https:\/\/www.tchoukball-lubuskie.pl\/index.php\/wp-json\/wp\/v2\/categories?post=2700"},{"taxonomy":"post_tag","embeddable":true,"href":"https:\/\/www.tchoukball-lubuskie.pl\/index.php\/wp-json\/wp\/v2\/tags?post=2700"}],"curies":[{"name":"wp","href":"https:\/\/api.w.org\/{rel}","templated":true}]}}